{"id":808,"date":"2025-12-23T06:14:30","date_gmt":"2025-12-23T06:14:30","guid":{"rendered":"https:\/\/bi-hoher-berg.de\/?p=808"},"modified":"2026-01-28T06:19:03","modified_gmt":"2026-01-28T06:19:03","slug":"geplantes-repowering-sorgt-fuer-unmut-in-buehne","status":"publish","type":"post","link":"https:\/\/bi-hoher-berg.de\/?p=808","title":{"rendered":"Geplantes Repowering sorgt f\u00fcr Unmut in B\u00fchne"},"content":{"rendered":"\n<p>In der Ortschaft B\u00fchne w\u00e4chst der Widerstand gegen ein geplantes Repowering\u2011Projekt f\u00fcr zwei bestehende Windkraftanlagen. Nach derzeitigen Informationen beabsichtigt der Betreiber, die Rechte der Altanlagen an einen Projektierer zu ver\u00e4u\u00dfern. Dieser k\u00f6nnte innerhalb eines definierten Radius neue, deutlich gr\u00f6\u00dfere Anlagen errichten und im Gegenzug die alten r\u00fcckbauen.<\/p>\n\n\n\n<p>Das sogenannte <em>Repowering<\/em> wurde von der vorherigen Bundesregierung als \u201esuperprivilegiert\u201c eingestuft. Damit entfallen bisher g\u00fcltige Mindestabst\u00e4nde von 1.000 Metern zur Wohnbebauung. Gleichzeitig erlaubt die neue Regelung den Bau erheblich h\u00f6herer Anlagen \u2013 h\u00e4ufig ohne nennenswerte Einflussm\u00f6glichkeiten f\u00fcr die betroffene Bev\u00f6lkerung.<\/p>\n\n\n\n<p>Die B\u00fcrgerinitiative <strong>\u201eGegenwind Heimat Hoher Berg\u201c<\/strong> hat erfahren, dass zwei neue Windkraftanlagen mit einer Gesamth\u00f6he von jeweils rund 250 Metern in s\u00fcdwestlicher Richtung vor B\u00fchne geplant sind \u2013 genau in der Hauptwindrichtung. Besonders brisant: Eine der Anlagen soll nur etwa 720 Meter vom ansteigenden Siedlungsbereich entfernt liegen. Die Initiative warnt vor deutlichen Beeintr\u00e4chtigungen der Lebensqualit\u00e4t, unter anderem durch:<\/p>\n\n\n\n<ul class=\"wp-block-list\">\n<li>dauerhafte L\u00e4rmbelastung aus der Hauptwindrichtung<\/li>\n\n\n\n<li>massive optische Dominanz im Landschaftsbild<\/li>\n\n\n\n<li>Schattenschlag \u00fcber Wohnh\u00e4user und G\u00e4rten<\/li>\n\n\n\n<li>sp\u00fcrbare Einschr\u00e4nkungen der Lebensqualit\u00e4t<\/li>\n<\/ul>\n\n\n\n<p>Um die Stimmung in der Bev\u00f6lkerung einzufangen, wurden in den vergangenen Wochen Informationsflyer verteilt und Unterschriften gesammelt. Das unter dem Titel <strong>\u201eB\u00fcrgerbegehren gegen das Repowering-Projekt\u201c<\/strong> durchgef\u00fchrte Votum erzielte 421 Unterschriften \u2013 rund 50 Prozent der erwachsenen Einwohner B\u00fchnes.<\/p>\n\n\n\n<p>Dieses Ergebnis zeigt deutlich, wie hoch die Ablehnung gegen\u00fcber den geplanten neuen Anlagen ist.<\/p>\n\n\n\n<p>Die Diskussion um das Vorhaben d\u00fcrfte daher weiter an Intensit\u00e4t gewinnen. Zum Schutz der Bev\u00f6lkerung setzt sich die B\u00fcrgerinitiative \u201eGegenwind Heimat Hoher Berg\u201c derzeit intensiv mit der Thematik auseinander, pr\u00fcft m\u00f6gliche Handlungsoptionen zur Verhinderung des Projekts und f\u00fchrt bereits Gespr\u00e4che mit verantwortlichen politischen Entscheidungstr\u00e4gern.<\/p>\n\n\n\n<p><\/p>\n","protected":false},"excerpt":{"rendered":"<p>In der Ortschaft B\u00fchne w\u00e4chst der Widerstand gegen ein geplantes Repowering\u2011Projekt f\u00fcr zwei bestehende Windkraftanlagen. Nach derzeitigen Informationen beabsichtigt der Betreiber, die Rechte der Altanlagen an einen Projektierer zu ver\u00e4u\u00dfern. Dieser k\u00f6nnte innerhalb eines definierten Radius neue, deutlich gr\u00f6\u00dfere Anlagen errichten und im Gegenzug die alten r\u00fcckbauen. Das sogenannte Repowering wurde von der vorherigen Bundesregierung &hellip; <\/p>\n<p class=\"link-more\"><a href=\"https:\/\/bi-hoher-berg.de\/?p=808\" class=\"more-link\"><span class=\"screen-reader-text\">\u201eGeplantes Repowering sorgt f\u00fcr Unmut in B\u00fchne\u201c <\/span>weiterlesen<\/a><\/p>\n","protected":false},"author":2,"featured_media":0,"comment_status":"closed","ping_status":"closed","sticky":false,"template":"","format":"standard","meta":{"give_campaign_id":0,"footnotes":""},"categories":[1],"tags":[],"class_list":["post-808","post","type-post","status-publish","format-standard","hentry","category-windkraft-allgemein"],"_links":{"self":[{"href":"https:\/\/bi-hoher-berg.de\/index.php?rest_route=\/wp\/v2\/posts\/808","targetHints":{"allow":["GET"]}}],"collection":[{"href":"https:\/\/bi-hoher-berg.de\/index.php?rest_route=\/wp\/v2\/posts"}],"about":[{"href":"https:\/\/bi-hoher-berg.de\/index.php?rest_route=\/wp\/v2\/types\/post"}],"author":[{"embeddable":true,"href":"https:\/\/bi-hoher-berg.de\/index.php?rest_route=\/wp\/v2\/users\/2"}],"replies":[{"embeddable":true,"href":"https:\/\/bi-hoher-berg.de\/index.php?rest_route=%2Fwp%2Fv2%2Fcomments&post=808"}],"version-history":[{"count":1,"href":"https:\/\/bi-hoher-berg.de\/index.php?rest_route=\/wp\/v2\/posts\/808\/revisions"}],"predecessor-version":[{"id":809,"href":"https:\/\/bi-hoher-berg.de\/index.php?rest_route=\/wp\/v2\/posts\/808\/revisions\/809"}],"wp:attachment":[{"href":"https:\/\/bi-hoher-berg.de\/index.php?rest_route=%2Fwp%2Fv2%2Fmedia&parent=808"}],"wp:term":[{"taxonomy":"category","embeddable":true,"href":"https:\/\/bi-hoher-berg.de\/index.php?rest_route=%2Fwp%2Fv2%2Fcategories&post=808"},{"taxonomy":"post_tag","embeddable":true,"href":"https:\/\/bi-hoher-berg.de\/index.php?rest_route=%2Fwp%2Fv2%2Ftags&post=808"}],"curies":[{"name":"wp","href":"https:\/\/api.w.org\/{rel}","templated":true}]}}